{"id":7476,"date":"2023-03-27T17:18:59","date_gmt":"2023-03-27T15:18:59","guid":{"rendered":"https:\/\/peters-jaegersburg.de\/?p=7476"},"modified":"2023-12-04T09:40:59","modified_gmt":"2023-12-04T08:40:59","slug":"der-fruehling-kehrt-ein","status":"publish","type":"post","link":"https:\/\/peters-jaegersburg.de\/en\/der-fruehling-kehrt-ein\/","title":{"rendered":"Der Fr\u00fchling kehrt ein"},"content":{"rendered":"<figure id=\"attachment_7477\" aria-describedby=\"caption-attachment-7477\" style=\"width: 2500px\" class=\"wp-caption alignnone\"><img fetchpriority=\"high\" decoding=\"async\" class=\"size-full wp-image-7477\" src=\"https:\/\/peters-jaegersburg.de\/wp-content\/uploads\/2023\/03\/AdobeStock_321355484-e1679930203736.jpeg\" alt=\"\" width=\"2500\" height=\"1100\" title=\"\" srcset=\"https:\/\/peters-jaegersburg.de\/wp-content\/uploads\/2023\/03\/AdobeStock_321355484-e1679930203736.jpeg 2500w, https:\/\/peters-jaegersburg.de\/wp-content\/uploads\/2023\/03\/AdobeStock_321355484-e1679930203736-768x337.jpeg 768w\" sizes=\"(max-width: 2500px) 100vw, 2500px\" \/><figcaption id=\"caption-attachment-7477\" class=\"wp-caption-text\">(c) Adobe Stock \/ <a class=\"blue science-text js-contributor-link\" href=\"https:\/\/stock.adobe.com\/de\/contributor\/202609637\/soloviova-liudmyla?load_type=author&amp;prev_url=detail\" data-ingest-clicktype=\"details-contributor-link\" target=\"_blank\" rel=\"noopener\">Soloviova Liudmyla<\/a><\/figcaption><\/figure>\n<p><span class=\"ui-provider cdo cdp c d e f g h i j k l m n o p q r s t cdq cdr w x y z ab ac ae af ag ah ai aj ak\" dir=\"ltr\">Am 20. M\u00e4rz hat kalendarisch betrachtet der Fr\u00fchling begonnen und auch, wenn es ja bekannterma\u00dfen noch bis in den Mai hinein K\u00e4lteeinbr\u00fcche geben kann, d\u00fcrfen wir uns nun offiziell vom Winter verabschieden. <\/span><\/p>\n<p><span class=\"ui-provider cdo cdp c d e f g h i j k l m n o p q r s t cdq cdr w x y z ab ac ae af ag ah ai aj ak\" dir=\"ltr\">Schon seit einigen Wochen l\u00e4sst sich auch in J\u00e4gersburg am See beobachten, wie die Natur und insbesondere die Tierwelt sich auf die neue Jahreszeit vorbereitet. \u00dcberall h\u00f6rt man die V\u00f6gel singen, die ersten B\u00e4ume und Str\u00e4ucher beginnen zu bl\u00fchen und auch bei unseren Haustieren k\u00f6nnen wir beobachten, wie sie sich durch den Fellwechsel auf die w\u00e4rmere Jahresh\u00e4lfte einstellen. <\/span><\/p>\n<p><span class=\"ui-provider cdo cdp c d e f g h i j k l m n o p q r s t cdq cdr w x y z ab ac ae af ag ah ai aj ak\" dir=\"ltr\">Der Fr\u00fchling ist wie ein gro\u00dfer Neuanfang f\u00fcr alle. Besonders diejenigen unter uns, die mit gedr\u00fcckter Stimmung, Antriebslosigkeit und Traurigkeit w\u00e4hrend der dunklen Jahreszeit zu k\u00e4mpfen haben, k\u00f6nnen nun endlich aufatmen. Und das sogar im wahrsten Sinne des Wortes, denn wenn wir uns bei einem langen Spaziergang in der Natur einmal die Zeit nehmen, kurz stehen zu bleiben, die Augen zu schlie\u00dfen und ein paar tiefe Atemz\u00fcge zu nehmen, dann kann man den Fr\u00fchling f\u00f6rmlich riechen. <\/span><\/p>\n<p><span class=\"ui-provider cdo cdp c d e f g h i j k l m n o p q r s t cdq cdr w x y z ab ac ae af ag ah ai aj ak\" dir=\"ltr\">Die Luft wird weicher und alles ist in einen zarten Duft getaucht, den die ersten fr\u00fchbl\u00fchenden Pflanzen verstr\u00f6men. Aber nicht nur den Neuanfang der in der Natur, sondern auch Br\u00e4uche und Rituale wie etwa das Osterfest oder den Palmsonntag verbinden wir mit dem Fr\u00fchling. Ostern l\u00e4utet das Ende der Fastenzeit ein und f\u00e4llt jedes Jahr auf den Sonntag nach dem ersten Fr\u00fchlingsvollmond. Und auch wenn es, als h\u00f6chstes Fest im Christentum, eine tief religi\u00f6se Bedeutung hat, so steht die Osterzeit f\u00fcr viele von uns auch f\u00fcr das farbenfrohe Erwachen der Natur und neue Lebensfreude.<\/span><\/p>\n<p><span class=\"ui-provider cdo cdp c d e f g h i j k l m n o p q r s t cdq cdr w x y z ab ac ae af ag ah ai aj ak\" dir=\"ltr\"> Und w\u00e4hrend die Kinder sehns\u00fcchtig auf den Osterhasen warten, k\u00f6nnen wir Erwachsene diese Zeit im Jahr ganz besonders gut nutzen, um uns auf die kleinen Dinge im Leben zu konzentrieren. Wenn wir aufmerksam und wach durch den Tag gehen, k\u00f6nnen wir sicherlich jeden Abend eine Hand voll Dinge aufz\u00e4hlen, die uns \u00fcber den Tag verteilt gl\u00fccklich gemacht haben. Vielleicht sind es die ersten Osterglocken, die Im Garten bl\u00fchen, der ersten Fr\u00fchlingsspaziergang ohne Winterjacke oder einfach eine gute Tasse Kaffee am Nachmittag. <\/span><\/p>\n<p><span class=\"ui-provider cdo cdp c d e f g h i j k l m n o p q r s t cdq cdr w x y z ab ac ae af ag ah ai aj ak\" dir=\"ltr\">Indem wir unsere Aufmerksamkeit auf diese Dinge richten und sie ganz bewusst wahrnehmen, geben wir automatisch mehr Raum f\u00fcr Sch\u00f6nheit und Freude in unserem Leben. Das macht nicht nur gl\u00fccklich, sondern schenkt uns langfristig auch ein sch\u00f6nes Gef\u00fchl von Zufriedenheit. <\/span><\/p>\n<p><span class=\"ui-provider cdo cdp c d e f g h i j k l m n o p q r s t cdq cdr w x y z ab ac ae af ag ah ai aj ak\" dir=\"ltr\">Auf diese Weise k\u00f6nnen also auch wir den Fr\u00fchling nutzen, um uns neu auszurichten und voller Vorfreude in die w\u00e4rmere Jahresh\u00e4lfte zu starten.\u00a0<\/span><\/p>\n<p>\u00dcbrigens: Wer nicht um den See spazieren will, um die frische Fr\u00fchlingsluft zu atmen, der kann auch gerne unsere <a href=\"https:\/\/peters-jaegersburg.de\/en\/e-bikes-vermietung-fahrradverleih-und-touren\/\" target=\"_blank\" rel=\"noopener\">E-Bikes buchen<\/a>!<\/p>","protected":false},"excerpt":{"rendered":"<p>Am 20. M\u00e4rz hat kalendarisch betrachtet der Fr\u00fchling begonnen und auch, wenn es ja bekannterma\u00dfen noch bis in den Mai hinein K\u00e4lteeinbr\u00fcche geben kann, d\u00fcrfen wir uns nun offiziell vom Winter verabschieden. Schon seit einigen Wochen l\u00e4sst sich auch in J\u00e4gersburg am See beobachten, wie die Natur und insbesondere die Tierwelt sich auf die neue [&hellip;]<\/p>\n","protected":false},"author":3,"featured_media":7477,"comment_status":"closed","ping_status":"closed","sticky":false,"template":"","format":"standard","meta":{"footnotes":""},"categories":[1],"tags":[],"class_list":["post-7476","post","type-post","status-publish","format-standard","has-post-thumbnail","hentry","category-hotel-blog"],"_links":{"self":[{"href":"https:\/\/peters-jaegersburg.de\/en\/wp-json\/wp\/v2\/posts\/7476","targetHints":{"allow":["GET"]}}],"collection":[{"href":"https:\/\/peters-jaegersburg.de\/en\/wp-json\/wp\/v2\/posts"}],"about":[{"href":"https:\/\/peters-jaegersburg.de\/en\/wp-json\/wp\/v2\/types\/post"}],"author":[{"embeddable":true,"href":"https:\/\/peters-jaegersburg.de\/en\/wp-json\/wp\/v2\/users\/3"}],"replies":[{"embeddable":true,"href":"https:\/\/peters-jaegersburg.de\/en\/wp-json\/wp\/v2\/comments?post=7476"}],"version-history":[{"count":3,"href":"https:\/\/peters-jaegersburg.de\/en\/wp-json\/wp\/v2\/posts\/7476\/revisions"}],"predecessor-version":[{"id":7480,"href":"https:\/\/peters-jaegersburg.de\/en\/wp-json\/wp\/v2\/posts\/7476\/revisions\/7480"}],"wp:featuredmedia":[{"embeddable":true,"href":"https:\/\/peters-jaegersburg.de\/en\/wp-json\/wp\/v2\/media\/7477"}],"wp:attachment":[{"href":"https:\/\/peters-jaegersburg.de\/en\/wp-json\/wp\/v2\/media?parent=7476"}],"wp:term":[{"taxonomy":"category","embeddable":true,"href":"https:\/\/peters-jaegersburg.de\/en\/wp-json\/wp\/v2\/categories?post=7476"},{"taxonomy":"post_tag","embeddable":true,"href":"https:\/\/peters-jaegersburg.de\/en\/wp-json\/wp\/v2\/tags?post=7476"}],"curies":[{"name":"wp","href":"https:\/\/api.w.org\/{rel}","templated":true}]}}